{"id":188,"date":"2006-06-09T06:48:12","date_gmt":"2006-06-09T04:48:12","guid":{"rendered":"http:\/\/www.mandyschiefner.ch\/blog\/?p=300"},"modified":"2006-06-09T06:48:12","modified_gmt":"2006-06-09T04:48:12","slug":"open-access","status":"publish","type":"post","link":"https:\/\/2headz.ch\/blog\/open-access\/","title":{"rendered":"Open Access"},"content":{"rendered":"<blockquote><p>Derzeit laufen an der Universit\u00c3\u00a4t Z\u00c3\u00bcrich die Vorbereitungen f\u00c3\u00bcr einen \u00c2\u00abDokumenten- und Publikationsserver\u00c2\u00bb, der diesen Herbst aufgeschaltet werden soll. Auf diesem Server sollen m\u00c3\u00b6glichst alle an der Universit\u00c3\u00a4t Z\u00c3\u00bcrich erbrachten Forschungen der \u00c3\u2013ffentlichkeit frei zug\u00c3\u00a4nglich gemacht werden. Sie soll die Texte kostenfrei herunterladen, drucken, kopieren, verteilen und auf jede legale Weise nutzen k\u00c3\u00b6nnen. Der geplante Server wird das Herzst\u00c3\u00bcck aller \u00c2\u00abOpen Access\u00c2\u00bb- Bem\u00c3\u00bchungen der Universit\u00c3\u00a4t sein. (&#8230;) Der aus wissenschaftlicher Perspektive gewichtigste Einwand gegen \u00c2\u00abOpen Access\u00c2\u00bb ist die Beliebigkeit. Christian Fuhrer, Neurobiologe und derzeit Mitarbeiter Zimmermanns im Projektteam \u00c2\u00abDokumentenserver\u00c2\u00bb, h\u00c3\u00a4lt im Gespr\u00c3\u00a4ch mit der NZZ jedoch fest: \u00c2\u00abWir wollen Qualit\u00c3\u00a4t.\u00c2\u00bb Auf dem Server sollen nur Artikel publiziert werden, die ein herk\u00c3\u00b6mmliches \u00c2\u00abPeer Review\u00c2\u00bb durchlaufen haben.<\/p><\/blockquote>\n<p>Quelle: <a href=\"http:\/\/www.nzz.ch\/2006\/06\/09\/em\/articleE6W9A.html\">NZZ online<\/a>via <a href=\"http:\/\/medienpraxis.ch\/2006\/06\/09\/dokumenten-server-der-uni-zurich\/\">medienpraxis<\/a>Der n\u00c3\u00a4chste Schritt, der dann noch fehlt, w\u00c3\u00a4re Open Content, dh. der offene Zugang zu den E-Learning Angeboten der Universit\u00c3\u00a4t. Auch hier ist noch viel \u00c3\u0153berzeugungsarbeit zu leisten und die genauen Bedingungen m\u00c3\u00bcssen gekl\u00c3\u00a4rt werden, vor allem in Hinblick auf eine nachhaltige &quot;Vermarktung&quot; von E-Learning Angeboten \u00c3\u00bcber universit\u00c3\u00a4re Grenzen hinaus.  <a href=\"http:\/\/www.nzz.ch\/2006\/06\/09\/em\/articleE6W9A.html\"><\/a><a href=\"http:\/\/medienpraxis.ch\/2006\/06\/09\/dokumenten-server-der-uni-zurich\/\"><\/a><\/p>\n","protected":false},"excerpt":{"rendered":"<p>Derzeit laufen an der Universit\u00c3\u00a4t Z\u00c3\u00bcrich die Vorbereitungen f\u00c3\u00bcr einen \u00c2\u00abDokumenten- und Publikationsserver\u00c2\u00bb, der diesen Herbst aufgeschaltet werden soll. Auf diesem Server sollen m\u00c3\u00b6glichst alle an der Universit\u00c3\u00a4t Z\u00c3\u00bcrich erbrachten Forschungen der \u00c3\u2013ffentlichkeit frei zug\u00c3\u00a4nglich gemacht werden. Sie soll die Texte kostenfrei herunterladen, drucken, kopieren, verteilen und auf jede legale Weise nutzen k\u00c3\u00b6nnen. Der geplante [&hellip;]<\/p>\n","protected":false},"author":3,"featured_media":0,"comment_status":"open","ping_status":"open","sticky":false,"template":"","format":"standard","meta":{"footnotes":""},"categories":[1],"tags":[],"class_list":["post-188","post","type-post","status-publish","format-standard","hentry","category-mandyschiefner"],"_links":{"self":[{"href":"https:\/\/2headz.ch\/blog\/wp-json\/wp\/v2\/posts\/188","targetHints":{"allow":["GET"]}}],"collection":[{"href":"https:\/\/2headz.ch\/blog\/wp-json\/wp\/v2\/posts"}],"about":[{"href":"https:\/\/2headz.ch\/blog\/wp-json\/wp\/v2\/types\/post"}],"author":[{"embeddable":true,"href":"https:\/\/2headz.ch\/blog\/wp-json\/wp\/v2\/users\/3"}],"replies":[{"embeddable":true,"href":"https:\/\/2headz.ch\/blog\/wp-json\/wp\/v2\/comments?post=188"}],"version-history":[{"count":0,"href":"https:\/\/2headz.ch\/blog\/wp-json\/wp\/v2\/posts\/188\/revisions"}],"wp:attachment":[{"href":"https:\/\/2headz.ch\/blog\/wp-json\/wp\/v2\/media?parent=188"}],"wp:term":[{"taxonomy":"category","embeddable":true,"href":"https:\/\/2headz.ch\/blog\/wp-json\/wp\/v2\/categories?post=188"},{"taxonomy":"post_tag","embeddable":true,"href":"https:\/\/2headz.ch\/blog\/wp-json\/wp\/v2\/tags?post=188"}],"curies":[{"name":"wp","href":"https:\/\/api.w.org\/{rel}","templated":true}]}}