{"id":189,"date":"2006-06-09T07:14:42","date_gmt":"2006-06-09T05:14:42","guid":{"rendered":"http:\/\/www.mandyschiefner.ch\/blog\/?p=301"},"modified":"2006-06-09T07:14:42","modified_gmt":"2006-06-09T05:14:42","slug":"bundeskanzlerin-als-vodcasterin","status":"publish","type":"post","link":"https:\/\/2headz.ch\/blog\/bundeskanzlerin-als-vodcasterin\/","title":{"rendered":"Bundeskanzlerin als Vodcasterin"},"content":{"rendered":"<p><a href=\"http:\/\/www.bundeskanzlerin.de\/bk\/Navigation\/Aktuelles\/videos,did=48792.html\"><img loading=\"lazy\" decoding=\"async\" width=\"104\" vspace=\"0\" hspace=\"0\" height=\"104\" border=\"0\" align=\"left\" src=\"http:\/\/www.bundeskanzlerin.de\/bk\/Redaktion\/Bilder\/2006\/06\/merkel1,width=272,height=272.jpeg\" \/><\/a> Die Bundesregierung hat die Zeichen der Zeit erkannt. Wir sind alle gespannt, wie sie uns denn nun Politik vermitteln wird. Nun wird Podcast (f\u00c3\u00bcr mich treffender ausgedr\u00c3\u00bcckt mit Vodcast) vielleicht doch &quot;massenf\u00c3\u00a4hig&quot;. Wie w\u00c3\u00a4re es, wenn Universit\u00c3\u00a4tsleitungen auch einen Podcast produzieren?? \u00c3\u0153ber aktuelle Trends an der Universit\u00c3\u00a4t? Oder die Vortr\u00c3\u00a4ge, die an der Universit\u00c3\u00a4t angeboten werden. Auch diese k\u00c3\u00b6nnte man aufzeichnen und als Podcast Reihe anbieten. Vielleicht geben wir in der Veranstaltung im Juli ja ein paar Anregungen. Mehr in K\u00c3\u00bcrze <img decoding=\"async\" src=\"http:\/\/mschiefner.blogschrift.org\/templates\/default\/img\/emoticons\/wink.png\" alt=\";-)\" \/><\/p>\n","protected":false},"excerpt":{"rendered":"<p>Die Bundesregierung hat die Zeichen der Zeit erkannt. Wir sind alle gespannt, wie sie uns denn nun Politik vermitteln wird. Nun wird Podcast (f\u00c3\u00bcr mich treffender ausgedr\u00c3\u00bcckt mit Vodcast) vielleicht doch &quot;massenf\u00c3\u00a4hig&quot;. Wie w\u00c3\u00a4re es, wenn Universit\u00c3\u00a4tsleitungen auch einen Podcast produzieren?? \u00c3\u0153ber aktuelle Trends an der Universit\u00c3\u00a4t? Oder die Vortr\u00c3\u00a4ge, die an der Universit\u00c3\u00a4t angeboten [&hellip;]<\/p>\n","protected":false},"author":3,"featured_media":0,"comment_status":"open","ping_status":"open","sticky":false,"template":"","format":"standard","meta":{"footnotes":""},"categories":[1],"tags":[],"class_list":["post-189","post","type-post","status-publish","format-standard","hentry","category-mandyschiefner"],"_links":{"self":[{"href":"https:\/\/2headz.ch\/blog\/wp-json\/wp\/v2\/posts\/189","targetHints":{"allow":["GET"]}}],"collection":[{"href":"https:\/\/2headz.ch\/blog\/wp-json\/wp\/v2\/posts"}],"about":[{"href":"https:\/\/2headz.ch\/blog\/wp-json\/wp\/v2\/types\/post"}],"author":[{"embeddable":true,"href":"https:\/\/2headz.ch\/blog\/wp-json\/wp\/v2\/users\/3"}],"replies":[{"embeddable":true,"href":"https:\/\/2headz.ch\/blog\/wp-json\/wp\/v2\/comments?post=189"}],"version-history":[{"count":0,"href":"https:\/\/2headz.ch\/blog\/wp-json\/wp\/v2\/posts\/189\/revisions"}],"wp:attachment":[{"href":"https:\/\/2headz.ch\/blog\/wp-json\/wp\/v2\/media?parent=189"}],"wp:term":[{"taxonomy":"category","embeddable":true,"href":"https:\/\/2headz.ch\/blog\/wp-json\/wp\/v2\/categories?post=189"},{"taxonomy":"post_tag","embeddable":true,"href":"https:\/\/2headz.ch\/blog\/wp-json\/wp\/v2\/tags?post=189"}],"curies":[{"name":"wp","href":"https:\/\/api.w.org\/{rel}","templated":true}]}}