{"id":559,"date":"2007-10-17T18:43:24","date_gmt":"2007-10-17T16:43:24","guid":{"rendered":"http:\/\/www.mandyschiefner.ch\/blog\/archives\/1081"},"modified":"2007-10-17T18:43:24","modified_gmt":"2007-10-17T16:43:24","slug":"uberfachliche-kompetenzen-in-der-lehre","status":"publish","type":"post","link":"https:\/\/2headz.ch\/blog\/uberfachliche-kompetenzen-in-der-lehre\/","title":{"rendered":"&#220;berfachliche Kompetenzen in der Lehre"},"content":{"rendered":"<p>Es ist vollbracht, ein Projekt, das mich die letzten Monate intensiv beansprucht hat, hat heute einen wichtigen Meilenstein erfahren. Alles fing eigentlich mit dieser <a href=\"http:\/\/www.mandyschiefner.ch\/blog\/archives\/442\" target=\"_blank\">Frage<\/a>.<\/p>\n<p>Heute hat die Arbeitsstelle f\u00c3\u00bcr Hochschuldidaktik der Universit\u00c3\u00a4t Z\u00c3\u00bcrich ein neues Dossier ver\u00c3\u00b6ffentlicht, diesmal zum Thema <a href=\"http:\/\/www.afh.uzh.ch\/schwerpunkte\/kompetenzen\/dossier\/071017_Dossier_UeK.pdf\" target=\"_blank\">\u00c2\u00ab\u00c3\u0153berfachliche Kompetenzen\u00c2\u00bb<\/a>. Das Dossier stellt zum einen die theoretische Einbettung \u00c3\u00bcberfachlicher Kompetenzen in die Lehre dar, zum anderen ist das Kernst\u00c3\u00bcck dieser Brosch\u00c3\u00bcre das Kapitel mit den Kompetenzrastern, in dem jede Kompetenz kurz vorgestellt udn M\u00c3\u00b6glichkeiten der F\u00c3\u00b6rderung dieser Kompetenz dargestellt werden. Das Dossier erschien in einer ersten Fassung, damit noch Anmerkungen und R\u00c3\u00bcckmeldungen von Interessierten udn Dozierenden integriert werden k\u00c3\u00b6nnen. Vielleicht klappt ja so ein Austausch \u00c3\u00bcber \u00c3\u00bcberfachliche Kompetenzen. Wer also noch Verbesserungsvorschl\u00c3\u00a4ge, Ver\u00c3\u00a4nderungen, Anmerkungen und \u00c3\u00a4hnliches zum Dossier hat, kann diese gerne im Kommentarfeld hinterlassen. Ein endg\u00c3\u00bcltiger Druck erfolgt dann am Ende des Jahres.<\/p>\n<p>Dieses Dossier wird von einer <a href=\"http:\/\/www.afh.uzh.ch\/instrumente\/kompetenzen.html\" target=\"_blank\">Website<\/a> und einem <a href=\"http:\/\/blogafh.wordpress.com\/\" target=\"_blank\">Blog<\/a> begleitet, die den Diskurs an der Universit\u00c3\u00a4t \u00c3\u00bcber \u00c3\u0153berfachliche Komeptenzen anregen sollen. Hier werden zum Beispiel Praxisbeispiele von Dozierenden gesammelt, Instrument f\u00c3\u00bcr den Unterricht bereitgestellt, auf Projekte und Veranstaltungen hingewiesen, E-Learning Angebote vorgestellt, auf Links verwiesen, usw. Es ist ganz sch\u00c3\u00b6n viel Material zusammengekommen. Auch hier gilt: wenn man beim Surfen merkt, dass etwas wichtiges vergessen wurde, einfach melden.<\/p>\n","protected":false},"excerpt":{"rendered":"<p>Es ist vollbracht, ein Projekt, das mich die letzten Monate intensiv beansprucht hat, hat heute einen wichtigen Meilenstein erfahren. Alles fing eigentlich mit dieser Frage. Heute hat die Arbeitsstelle f\u00c3\u00bcr Hochschuldidaktik der Universit\u00c3\u00a4t Z\u00c3\u00bcrich ein neues Dossier ver\u00c3\u00b6ffentlicht, diesmal zum Thema \u00c2\u00ab\u00c3\u0153berfachliche Kompetenzen\u00c2\u00bb. Das Dossier stellt zum einen die theoretische Einbettung \u00c3\u00bcberfachlicher Kompetenzen in die [&hellip;]<\/p>\n","protected":false},"author":3,"featured_media":0,"comment_status":"open","ping_status":"open","sticky":false,"template":"","format":"standard","meta":{"footnotes":""},"categories":[1],"tags":[],"class_list":["post-559","post","type-post","status-publish","format-standard","hentry","category-mandyschiefner"],"_links":{"self":[{"href":"https:\/\/2headz.ch\/blog\/wp-json\/wp\/v2\/posts\/559","targetHints":{"allow":["GET"]}}],"collection":[{"href":"https:\/\/2headz.ch\/blog\/wp-json\/wp\/v2\/posts"}],"about":[{"href":"https:\/\/2headz.ch\/blog\/wp-json\/wp\/v2\/types\/post"}],"author":[{"embeddable":true,"href":"https:\/\/2headz.ch\/blog\/wp-json\/wp\/v2\/users\/3"}],"replies":[{"embeddable":true,"href":"https:\/\/2headz.ch\/blog\/wp-json\/wp\/v2\/comments?post=559"}],"version-history":[{"count":0,"href":"https:\/\/2headz.ch\/blog\/wp-json\/wp\/v2\/posts\/559\/revisions"}],"wp:attachment":[{"href":"https:\/\/2headz.ch\/blog\/wp-json\/wp\/v2\/media?parent=559"}],"wp:term":[{"taxonomy":"category","embeddable":true,"href":"https:\/\/2headz.ch\/blog\/wp-json\/wp\/v2\/categories?post=559"},{"taxonomy":"post_tag","embeddable":true,"href":"https:\/\/2headz.ch\/blog\/wp-json\/wp\/v2\/tags?post=559"}],"curies":[{"name":"wp","href":"https:\/\/api.w.org\/{rel}","templated":true}]}}