{"id":780,"date":"2009-01-23T00:13:49","date_gmt":"2009-01-22T23:13:49","guid":{"rendered":"http:\/\/2headz.ch\/blog\/?p=780"},"modified":"2009-01-24T22:08:09","modified_gmt":"2009-01-24T21:08:09","slug":"rueckblick-studientage-bern","status":"publish","type":"post","link":"https:\/\/2headz.ch\/blog\/rueckblick-studientage-bern\/","title":{"rendered":"R\u00c3\u00bcckblick Studientage Bern"},"content":{"rendered":"<p>Gestern und heute war ich auf den <a href=\"http:\/\/www.phbern.ch\/hochschule\/studientage-phbern\/\" target=\"_blank\">Studientagen Bern<\/a>, jeweils mit einem Referat vertreten. Gestern habe ich \u00c3\u00bcber Weblogs im Unterricht referiert, heute \u00c3\u00bcber digitale Medien in der Lehrerweiterbildung.<\/p>\n<div style=\"width:425px;text-align:left\" id=\"__ss_949912\"><a style=\"font:14px Helvetica,Arial,Sans-serif;display:block;margin:12px 0 3px 0;text-decoration:underline;\" href=\"http:\/\/www.slideshare.net\/mschiefner\/weblogskey-presentation?type=presentation\" title=\"Weblogs.Key\">Weblogs im Unterricht<\/a><object style=\"margin:0px\" width=\"425\" height=\"355\"><param name=\"movie\" value=\"http:\/\/static.slideshare.net\/swf\/ssplayer2.swf?doc=weblogskey-1232830358447782-3&#038;stripped_title=weblogskey-presentation\" \/><param name=\"allowFullScreen\" value=\"true\"\/><param name=\"allowScriptAccess\" value=\"always\"\/><embed src=\"http:\/\/static.slideshare.net\/swf\/ssplayer2.swf?doc=weblogskey-1232830358447782-3&#038;stripped_title=weblogskey-presentation\" type=\"application\/x-shockwave-flash\" allowscriptaccess=\"always\" allowfullscreen=\"true\" width=\"425\" height=\"355\"><\/embed><\/object><\/p>\n<div style=\"font-size:11px;font-family:tahoma,arial;height:26px;padding-top:2px;\">View more <a style=\"text-decoration:underline;\" href=\"http:\/\/www.slideshare.net\/\">presentations<\/a> or <a style=\"text-decoration:underline;\" href=\"http:\/\/www.slideshare.net\/upload?type=presentation\">upload<\/a> your own.<\/div>\n<\/div>\n<div style=\"width:425px;text-align:left\" id=\"__ss_943979\"><a style=\"font:14px Helvetica,Arial,Sans-serif;display:block;margin:12px 0 3px 0;text-decoration:underline;\" href=\"http:\/\/www.slideshare.net\/mschiefner\/lehrerweiterbildungkey-presentation-943979?type=powerpoint\" title=\"Lehrerweiterbildung.Key\">Digitale Medien in der Lehrerinnen- und Lehrerweiterbildung<\/a><object style=\"margin:0px\" width=\"425\" height=\"355\"><param name=\"movie\" value=\"http:\/\/static.slideshare.net\/swf\/ssplayer2.swf?doc=lehrerweiterbildungkey-1232662481336192-2&#038;stripped_title=lehrerweiterbildungkey-presentation-943979\" \/><param name=\"allowFullScreen\" value=\"true\"\/><param name=\"allowScriptAccess\" value=\"always\"\/><embed src=\"http:\/\/static.slideshare.net\/swf\/ssplayer2.swf?doc=lehrerweiterbildungkey-1232662481336192-2&#038;stripped_title=lehrerweiterbildungkey-presentation-943979\" type=\"application\/x-shockwave-flash\" allowscriptaccess=\"always\" allowfullscreen=\"true\" width=\"425\" height=\"355\"><\/embed><\/object><\/p>\n<div style=\"font-size:11px;font-family:tahoma,arial;height:26px;padding-top:2px;\">View more <a style=\"text-decoration:underline;\" href=\"http:\/\/www.slideshare.net\/\">presentations<\/a> or <a style=\"text-decoration:underline;\" href=\"http:\/\/www.slideshare.net\/upload?type=powerpoint\">upload<\/a> your own. (tags: <a style=\"text-decoration:underline;\" href=\"http:\/\/slideshare.net\/tag\/lehrerweiterbildung\">lehrerweiterbildung<\/a> <a style=\"text-decoration:underline;\" href=\"http:\/\/slideshare.net\/tag\/weiterbildung\">weiterbildung<\/a>)<\/div>\n<\/div>\n<p>\nUnd ich muss sagen: spannend war&#8217;s. Leider habe ich von den anderen Vortr\u00c3\u00a4gen nicht viel mitbekommen, da ich jeweils direkt nach meinem Referat wieder abgereist bin. Dennoch gab es spannende Diskussionen, die ich hier kurz zusammen fassen m\u00c3\u00b6chte.<\/p>\n<p>Im Atelier Social Software in der Schule, in dem ich zu Weblogs und <a href=\"http:\/\/www.xing.com\/profile\/Stefanie_Panke\" target=\"_blank\">Stefanie Panke<\/a> zu Social Tagging in der Schule sprach konzentrierte sich die Diskussion vor allem auf das Ph\u00c3\u00a4nomen Social Tagging. Stefanie stellte Social Tagging und damit zusammenh\u00c3\u00a4ngend die <a href=\"http:\/\/www.media-ocean.de\/2008\/03\/14\/umfrage-good-tags-bad-tags\/\" target=\"_blank\">Studie<\/a>, die sie zusammen mit <a href=\"http:\/\/www.xing.com\/profile\/Birgit_Gaiser\" target=\"_blank\">Birgit Gaiser<\/a> durchgef\u00c3\u00bchrt hat, vor. Dabei fand ich den Vergleich von Social Tagging mit chaotischer Lagerhaltung sehr treffend. Auch merkte sie kritisch an, dass sich im Social Tagging popul\u00c3\u00a4re Irrt\u00c3\u00bcmer manifestieren k\u00c3\u00b6nnen. Aus ihrer Untersuchung schloss sie, dass es sich beim Social Tagging wahrscheinlich um ein &#8222;Schein-Wissensmanagement&#8220; handelt, das vor allem kaum langfristig gedacht wird. Lange haben wir um den Einsatz von Social Tagging in der Lehre diskutiert, und ich muss sagen, wir haben kaum geeignete Szenarien gefunden. Nach Stefanie kommt es nicht so sehr auf das Information Retrieval an, sondern vor allem auf das Information Behaviour. Und somit k\u00c3\u00b6nnte Tagging in der Schule zumindest das Problembewusstsein f\u00c3\u00bcr Information Behaviour sein.<\/p>\n<p>Im heutigen Atelier E-Practice in der Hochschullehre ging es um den Einsatz von digitalen Medien, vor allem Web 2.0 in den Kernaufgabenbereichen der Hochschulen: grundst\u00c3\u00a4ndigen Studieng\u00c3\u00a4ngen, der Forschung und der Weiterbildung. Johan Sterken aus den Niederlanden stellte deren Einsatz von E-Portfolios in der Lehrerausbildung dar. Er er\u00c3\u00b6ffnete seinen Vortrag mit dem Refrain von 50cent &#8222;Ayo I&#8217;m tired of using technology, I need you right in front of me&#8220;. (50Cent hat es nat\u00c3\u00bcrlich ein wenig anders gemeint, wie folgendes <a href=\"http:\/\/www.myvideo.de\/watch\/2270731\/50_Cent_Ayo_Technology\" target=\"_blank\">Video<\/a> zeigt \ud83d\ude09 )<\/p>\n<p>Innerhalb dieser Portfolio haben sie sieben Kompetenzbereiche definiert, in denen die Studierenden Artefakte sammeln m\u00c3\u00bcssen (Achtung: niederl\u00c3\u00a4ndische \u00c3\u0153bersetzung): interpers\u00c3\u00b6nliche Kompetenzen (Kommunikation, Kontakt mit Sch\u00c3\u00bclern, usw.), p\u00c3\u00a4dagogische, didaktische und organisatorische Kompetenzen, Kompetenzen in der Zusammenarbeit mit Kollegen und mit der Umgebung und reflexive Kompetenzen. Spannend fand ich aber die Idee der Fachateliers: Jede\/r Dozierende\/r bietet zu seinem Fachgebiet auf Blackboard ein Fachatelier an. Dort findet man dann eine Kenntnisstelle, eine Didaktik- und Technikstelle, eine Diskussionsstelle sowie eine Quellenstelle, wo man Quellen findet, die Studierende direkt im Unterricht einsetzen k\u00c3\u00b6nnen.<\/p>\n<p>Marco Bettonie von der Fernfachhochschule Schweiz berichtete von Web 2.0 in der Forschung. Sie haben CoReSquare, eine Community of Research eingesetzt, um gemeinschaftlich an Paper zu schreiben und Kompetenzkarten des Teams zusammen zu stellen. Die gr\u00c3\u00b6sste Herausforderung stellt f\u00c3\u00bcr ihn die Spannungen zwischen Hierarchie und Partizipation und die damit verbundenen &#8222;negotiations of knowledge&#8220;.<\/p>\n<p>Zusammenfassend kann man sagen, dass es sehr spannend war, sich mit so vielen unterschiedlichen Personen auszutauschen. Und wie immer an Tagungen: Sch\u00c3\u00b6n, wieder alte (und neue) Bekannte zu treffen \ud83d\ude42<\/p>\n","protected":false},"excerpt":{"rendered":"<p>Gestern und heute war ich auf den Studientagen Bern, jeweils mit einem Referat vertreten. Gestern habe ich \u00c3\u00bcber Weblogs im Unterricht referiert, heute \u00c3\u00bcber digitale Medien in der Lehrerweiterbildung. Weblogs im Unterricht View more presentations or upload your own. Digitale Medien in der Lehrerinnen- und Lehrerweiterbildung View more presentations or upload your own. (tags: lehrerweiterbildung [&hellip;]<\/p>\n","protected":false},"author":3,"featured_media":0,"comment_status":"open","ping_status":"open","sticky":false,"template":"","format":"standard","meta":{"footnotes":""},"categories":[48,1,24,27,30],"tags":[46,49,124,44,45,47],"class_list":["post-780","post","type-post","status-publish","format-standard","hentry","category-didaktik","category-mandyschiefner","category-medien","category-schule","category-universitaet","tag-blog","tag-lehrer","tag-schule","tag-tagging","tag-weblog","tag-weiterbildung"],"_links":{"self":[{"href":"https:\/\/2headz.ch\/blog\/wp-json\/wp\/v2\/posts\/780","targetHints":{"allow":["GET"]}}],"collection":[{"href":"https:\/\/2headz.ch\/blog\/wp-json\/wp\/v2\/posts"}],"about":[{"href":"https:\/\/2headz.ch\/blog\/wp-json\/wp\/v2\/types\/post"}],"author":[{"embeddable":true,"href":"https:\/\/2headz.ch\/blog\/wp-json\/wp\/v2\/users\/3"}],"replies":[{"embeddable":true,"href":"https:\/\/2headz.ch\/blog\/wp-json\/wp\/v2\/comments?post=780"}],"version-history":[{"count":0,"href":"https:\/\/2headz.ch\/blog\/wp-json\/wp\/v2\/posts\/780\/revisions"}],"wp:attachment":[{"href":"https:\/\/2headz.ch\/blog\/wp-json\/wp\/v2\/media?parent=780"}],"wp:term":[{"taxonomy":"category","embeddable":true,"href":"https:\/\/2headz.ch\/blog\/wp-json\/wp\/v2\/categories?post=780"},{"taxonomy":"post_tag","embeddable":true,"href":"https:\/\/2headz.ch\/blog\/wp-json\/wp\/v2\/tags?post=780"}],"curies":[{"name":"wp","href":"https:\/\/api.w.org\/{rel}","templated":true}]}}